{"id":1089,"date":"2026-03-13T16:22:59","date_gmt":"2026-03-13T16:22:59","guid":{"rendered":"https:\/\/www.dt-studiolegale.com\/?p=1089"},"modified":"2026-03-26T13:39:02","modified_gmt":"2026-03-26T13:39:02","slug":"corte-costituzionale-cittadinanza-iure-sanguinis","status":"publish","type":"post","link":"https:\/\/www.dt-studiolegale.com\/en\/corte-costituzionale-cittadinanza-iure-sanguinis\/","title":{"rendered":"Citizenship by descent: the Constitutional Court dismisses the questions regarding Decree-Law 36\/2025"},"content":{"rendered":"<figure class=\"wp-block-image aligncenter is-resized\"><img loading=\"lazy\" decoding=\"async\" width=\"1080\" height=\"810\" src=\"https:\/\/www.dt-studiolegale.com\/wp-content\/uploads\/2026\/03\/image.jpg\" alt=\"Corte costituzionale e cittadinanza iure sanguinis\" class=\"wp-image-1094\" style=\"width:580px;height:auto\" srcset=\"https:\/\/www.dt-studiolegale.com\/wp-content\/uploads\/2026\/03\/image.jpg 1080w, https:\/\/www.dt-studiolegale.com\/wp-content\/uploads\/2026\/03\/image-300x225.jpg 300w, https:\/\/www.dt-studiolegale.com\/wp-content\/uploads\/2026\/03\/image-1024x768.jpg 1024w, https:\/\/www.dt-studiolegale.com\/wp-content\/uploads\/2026\/03\/image-768x576.jpg 768w\" sizes=\"auto, (max-width: 1080px) 100vw, 1080px\" \/><\/figure>\n\n\n\n<h3 class=\"wp-block-heading\"><strong>Con il comunicato del 12 marzo 2026, la Corte costituzionale ha annunciato di avere dichiarato in parte non fondate e in parte inammissibili le questioni sollevate dal Tribunale di Torino sul nuovo regime della cittadinanza per discendenza<\/strong><\/h3>\n\n\n\n<p class=\"wp-block-paragraph\">Con il <a href=\"https:\/\/www.cortecostituzionale.it\/uploads\/release\/69b2adc90cb9b.pdf\">comunicato del 12 marzo 2026<\/a>, la Corte costituzionale ha reso nota la sua decisione di dichiarare <strong>in parte non fondate e in parte inammissibili<\/strong> le questioni di legittimit\u00e0 costituzionale sollevate dal Tribunale di Torino in relazione all\u2019art. 1 del decreto-legge n. 36 del 2025, convertito nella legge n. 74 del 2025, recante disposizioni urgenti in materia di cittadinanza.<\/p>\n\n\n\n<p class=\"wp-block-paragraph\">La vicenda riguarda il nuovo assetto normativo in tema di cittadinanza <strong>iure sanguinis<\/strong>. Il decreto 36\/2025 stabilisce che, in deroga alle norme previgenti che prevedevano la trasmissione illimitata <em>iure sanguinis<\/em> della cittadinanza, \u00ab\u00e8 considerato non avere mai acquistato la cittadinanza italiana chi \u00e8 nato all\u2019estero anche prima della data di entrata in vigore del presente articolo ed \u00e8 in possesso di altra cittadinanza\u00bb, a meno che ricorrano determinate condizioni (domanda presentata entro le ore 23:59 del 27 marzo 2025; un genitore o un nonno che possiede, o possedeva al momento della morte, esclusivamente la cittadinanza italiana; un genitore o adottante residente in Italia per almeno due anni continuativi successivamente all&#8217;acquisto della cittadinanza italiana e prima della data di nascita o di adozione del figlio).<\/p>\n\n\n\n<h4 class=\"wp-block-heading\"><strong>Il punto centrale: acquisto della cittadinanza e suo riconoscimento<\/strong><\/h4>\n\n\n\n<p class=\"wp-block-paragraph\">Il caso presenta un rilievo costituzionale che va oltre la materia della cittadinanza in senso stretto. La questione non riguarda solamente la possibilit\u00e0 per il legislatore di modificare per il futuro i presupposti sostanziali della trasmissione o del riconoscimento della cittadinanza per discendenza, ma consiste nello stabilire se le nuove restrizioni introdotte nel 2025 possano incidere anche su soggetti che, secondo la disciplina previgente, assumono di avere gi\u00e0 acquistato la cittadinanza italiana <strong>dalla nascita<\/strong>, per effetto diretto della legge, pur in assenza di un previo riconoscimento formale.<\/p>\n\n\n\n<p class=\"wp-block-paragraph\">Da questa prospettiva, la controversia ruota attorno a una distinzione decisiva: quella tra <strong>acquisto della cittadinanza<\/strong> and <strong>successivo riconoscimento<\/strong>. Secondo il regime anteriore, la cittadinanza sorgeva automaticamente al momento della nascita al ricorrere delle condizioni previste dalla legge, con conseguente efficacia meramente dichiarativa del successivo riconoscimento.<\/p>\n\n\n\n<h4 class=\"wp-block-heading\"><strong>La portata retroattiva della riforma<\/strong><\/h4>\n\n\n\n<p class=\"wp-block-paragraph\">\u00c8 proprio questo il profilo che ha reso il caso particolarmente delicato. Le censure si fondavano sull\u2019idea che la riforma del 2025 avesse oltrepassato i limiti della discrezionalit\u00e0 legislativa, incidendo non solo su fattispecie future, ma su <strong>status preesistenti<\/strong>, gi\u00e0 perfezionati sotto il vigore della disciplina precedente.<\/p>\n\n\n\n<p class=\"wp-block-paragraph\">Su questa lettura, la norma contestata non si limiterebbe a ridefinire per il futuro i criteri di accesso alla cittadinanza, ma finirebbe per negare rilevanza giuridica a una condizione soggettiva che si sarebbe gi\u00e0 consolidata alla nascita. Da qui i dubbi in relazione ai principi di <strong>certezza del diritto<\/strong>, di <strong>tutela dell\u2019affidamento<\/strong> e di <strong>ragionevolezza dell\u2019azione legislativa<\/strong>.<\/p>\n\n\n\n<p class=\"wp-block-paragraph\">In questa prospettiva assume rilievo anche la questione della <strong>disciplina transitoria<\/strong>. Quando una riforma legislativa incide su posizioni gi\u00e0 consolidate o modifica in modo radicale gli effetti giuridici collegati a fatti pregressi, l\u2019assenza di adeguate garanzie intertemporali pu\u00f2 aggravare i problemi di compatibilit\u00e0 costituzionale. In materia di cittadinanza, questa esigenza appare ancora pi\u00f9 sensibile, poich\u00e9 la disciplina tocca direttamente lo status personale e l\u2019identit\u00e0 giuridica dell\u2019individuo.<\/p>\n\n\n\n<h4 class=\"wp-block-heading\"><strong>Le questioni decise dalla Corte costituzionale<\/strong><\/h4>\n\n\n\n<p class=\"wp-block-paragraph\">Secondo quanto reso noto dalla Corte, sono state dichiarate <strong>non fondate<\/strong> le censure formulate con riferimento all\u2019art. 3 della Costituzione. Il Tribunale di Torino aveva denunciato, da un lato, l\u2019asserita arbitrariet\u00e0 della distinzione tra chi aveva chiesto l\u2019accertamento della cittadinanza prima del 28 marzo 2025 e chi lo aveva chiesto dopo; dall\u2019altro, la presunta lesione dei diritti quesiti, ritenendo che la norma producesse una revoca implicita della cittadinanza con efficacia retroattiva e senza disciplina intertemporale. La Corte ha inoltre dichiarato <strong>non fondata<\/strong> la questione proposta in relazione all\u2019art. 9 TUE e all\u2019art. 20 TFUE, concernenti la cittadinanza dell\u2019Unione.<\/p>\n\n\n\n<p class=\"wp-block-paragraph\">Il comunicato riferisce anche che la Corte ha dichiarato <strong>inammissibili<\/strong> le questioni sollevate con riferimento all\u2019art. 15, comma 2, della Dichiarazione universale dei diritti dell\u2019uomo, che vieta la privazione arbitraria della cittadinanza, nonch\u00e9 all\u2019art. 3, comma 2, del Quarto Protocollo addizionale alla CEDU, secondo cui nessuno pu\u00f2 essere privato del diritto di entrare nel territorio dello Stato di cui \u00e8 cittadino.<\/p>\n\n\n\n<h4 class=\"wp-block-heading\"><strong>Discrezionalit\u00e0 legislativa e limiti costituzionali<\/strong><\/h4>\n\n\n\n<p class=\"wp-block-paragraph\">In generale, e senza anticipare le motivazioni che la Corte deve ancora depositare, le opinioni favorevoli alla tenuta costituzionale della riforma fanno leva sull\u2019idea che la disciplina della cittadinanza appartenga a un ambito di ampia discrezionalit\u00e0 legislativa, nel quale il Parlamento pu\u00f2 richiedere l\u2019esistenza di un collegamento effettivo con lo Stato. In questa prospettiva, la distanza generazionale dall\u2019ascendente italiano, unita alla nascita e alla stabile residenza all\u2019estero, potrebbe giustificare un approccio pi\u00f9 restrittivo al riconoscimento della cittadinanza.<\/p>\n\n\n\n<p class=\"wp-block-paragraph\">Resta tuttavia distinta la questione relativa ai soggetti che non rivendicano una mera aspettativa futura, ma sostengono che la cittadinanza era gi\u00e0 sorta sotto il vigore della legge precedente. In questi casi, il richiamo alla discrezionalit\u00e0 del legislatore non esaurisce il problema. Sul punto potrebbero assumere rilievo ulteriori profili convenzionali, che non risultano essere stati ancora esaminati come parametri nel giudizio costituzionale.<\/p>\n\n\n\n<h4 class=\"wp-block-heading\"><strong>Prime riflessioni, in attesa del deposito della sentenza<\/strong><\/h4>\n\n\n\n<p class=\"wp-block-paragraph\">In attesa del deposito della motivazione, il comunicato consente gi\u00e0 di cogliere la rilevanza sistematica della decisione. La pronuncia sembra infatti confermare, sul piano del giudizio costituzionale interno, la tenuta dell\u2019intervento legislativo del 2025, almeno rispetto ai parametri esaminati in questa fase dalla Corte.<\/p>\n\n\n\n<p class=\"wp-block-paragraph\">Resta tuttavia aperto un tema pi\u00f9 ampio, che riguarda la portata temporale della legge quando essa incide su status personali e posizioni che si assumono gi\u00e0 acquisite. Sotto questo profilo, la decisione potr\u00e0 avere rilievo ben oltre la materia della cittadinanza, perch\u00e9 tocca il rapporto tra discrezionalit\u00e0 legislativa, certezza del diritto, ragionevolezza e tutela delle posizioni soggettive consolidate.<\/p>\n\n\n\n<p class=\"wp-block-paragraph\">Proprio alla luce del richiamo, emerso nel giudizio costituzionale, al Quarto Protocollo CEDU e al tema del diritto di ingresso nel territorio dello Stato di cittadinanza, la vicenda merita particolare attenzione anche sul piano sovranazionale. <strong>Il <a href=\"https:\/\/www.dt-studiolegale.com\/en\/lo-studio\/\">nostro Studio<\/a> sta seguendo con grande attenzione il caso e ne sta approfondendo i possibili sviluppi, anche nella prospettiva della tutela davanti alla Corte europea dei diritti dell\u2019uomo, una volta depositata la sentenza e chiariti i presupposti giuridici della decisione.<\/strong><\/p>\n\n\n\n<p class=\"wp-block-paragraph\"><\/p>","protected":false},"excerpt":{"rendered":"<p>Con il comunicato del 12 marzo 2026, la Corte costituzionale ha annunciato di avere dichiarato in parte non fondate e [&hellip;]<\/p>\n","protected":false},"author":1,"featured_media":1094,"comment_status":"open","ping_status":"open","sticky":false,"template":"","format":"standard","meta":{"_uag_custom_page_level_css":"","site-sidebar-layout":"default","site-content-layout":"","ast-site-content-layout":"default","site-content-style":"default","site-sidebar-style":"default","ast-global-header-display":"","ast-banner-title-visibility":"","ast-main-header-display":"","ast-hfb-above-header-display":"","ast-hfb-below-header-display":"","ast-hfb-mobile-header-display":"","site-post-title":"","ast-breadcrumbs-content":"","ast-featured-img":"","footer-sml-layout":"","ast-disable-related-posts":"","theme-transparent-header-meta":"","adv-header-id-meta":"","stick-header-meta":"","header-above-stick-meta":"","header-main-stick-meta":"","header-below-stick-meta":"","astra-migrate-meta-layouts":"default","ast-page-background-enabled":"default","ast-page-background-meta":{"desktop":{"background-color":"var(--ast-global-color-5)","background-image":"","background-repeat":"repeat","background-position":"center center","background-size":"auto","background-attachment":"scroll","background-type":"","background-media":"","overlay-type":"","overlay-color":"","overlay-opacity":"","overlay-gradient":""},"tablet":{"background-color":"","background-image":"","background-repeat":"repeat","background-position":"center center","background-size":"auto","background-attachment":"scroll","background-type":"","background-media":"","overlay-type":"","overlay-color":"","overlay-opacity":"","overlay-gradient":""},"mobile":{"background-color":"","background-image":"","background-repeat":"repeat","background-position":"center center","background-size":"auto","background-attachment":"scroll","background-type":"","background-media":"","overlay-type":"","overlay-color":"","overlay-opacity":"","overlay-gradient":""}},"ast-content-background-meta":{"desktop":{"background-color":"var(--ast-global-color-4)","background-image":"","background-repeat":"repeat","background-position":"center center","background-size":"auto","background-attachment":"scroll","background-type":"","background-media":"","overlay-type":"","overlay-color":"","overlay-opacity":"","overlay-gradient":""},"tablet":{"background-color":"var(--ast-global-color-4)","background-image":"","background-repeat":"repeat","background-position":"center center","background-size":"auto","background-attachment":"scroll","background-type":"","background-media":"","overlay-type":"","overlay-color":"","overlay-opacity":"","overlay-gradient":""},"mobile":{"background-color":"var(--ast-global-color-4)","background-image":"","background-repeat":"repeat","background-position":"center center","background-size":"auto","background-attachment":"scroll","background-type":"","background-media":"","overlay-type":"","overlay-color":"","overlay-opacity":"","overlay-gradient":""}},"footnotes":""},"categories":[18,14,20],"tags":[],"class_list":["post-1089","post","type-post","status-publish","format-standard","has-post-thumbnail","hentry","category-approfondimenti","category-difesa","category-news"],"yoast_head":"<!-- This site is optimized with the Yoast SEO plugin v28.3 - https:\/\/yoast.com\/product\/yoast-seo-wordpress\/ -->\n<title>Cittadinanza iure sanguinis: la Corte costituzionale respinge le questioni sul d.l. 36\/2025<\/title>\n<meta name=\"description\" content=\"La Corte costituzionale respinge le questioni sul d.l. 36\/2025 in materia di cittadinanza iure sanguinis. Un primo commento in attesa del deposito della sentenza.\" \/>\n<meta name=\"robots\" content=\"index, follow, max-snippet:-1, max-image-preview:large, max-video-preview:-1\" \/>\n<link rel=\"canonical\" href=\"https:\/\/www.dt-studiolegale.com\/en\/corte-costituzionale-cittadinanza-iure-sanguinis\/\" \/>\n<meta property=\"og:locale\" content=\"en_GB\" \/>\n<meta property=\"og:type\" content=\"article\" \/>\n<meta property=\"og:title\" content=\"Cittadinanza iure sanguinis: la Corte costituzionale respinge le questioni sul d.l. 36\/2025\" \/>\n<meta property=\"og:description\" content=\"La Corte costituzionale respinge le questioni sul d.l. 36\/2025 in materia di cittadinanza iure sanguinis. Un primo commento in attesa del deposito della sentenza.\" \/>\n<meta property=\"og:url\" content=\"https:\/\/www.dt-studiolegale.com\/en\/corte-costituzionale-cittadinanza-iure-sanguinis\/\" \/>\n<meta property=\"og:site_name\" content=\"DT Studio Legale\" \/>\n<meta property=\"article:published_time\" content=\"2026-03-13T16:22:59+00:00\" \/>\n<meta property=\"article:modified_time\" content=\"2026-03-26T13:39:02+00:00\" \/>\n<meta property=\"og:image\" content=\"https:\/\/www.dt-studiolegale.com\/wp-content\/uploads\/2026\/03\/image.jpg\" \/>\n\t<meta property=\"og:image:width\" content=\"1080\" \/>\n\t<meta property=\"og:image:height\" content=\"810\" \/>\n\t<meta property=\"og:image:type\" content=\"image\/jpeg\" \/>\n<meta name=\"author\" content=\"Gestore\" \/>\n<meta name=\"twitter:card\" content=\"summary_large_image\" \/>\n<meta name=\"twitter:label1\" content=\"Written by\" \/>\n\t<meta name=\"twitter:data1\" content=\"Gestore\" \/>\n\t<meta name=\"twitter:label2\" content=\"Estimated reading time\" \/>\n\t<meta name=\"twitter:data2\" content=\"6 minutes\" \/>\n<script type=\"application\/ld+json\" class=\"yoast-schema-graph\">{\"@context\":\"https:\\\/\\\/schema.org\",\"@graph\":[{\"@type\":\"Article\",\"@id\":\"https:\\\/\\\/www.dt-studiolegale.com\\\/corte-costituzionale-cittadinanza-iure-sanguinis\\\/#article\",\"isPartOf\":{\"@id\":\"https:\\\/\\\/www.dt-studiolegale.com\\\/corte-costituzionale-cittadinanza-iure-sanguinis\\\/\"},\"author\":{\"name\":\"Gestore\",\"@id\":\"https:\\\/\\\/www.dt-studiolegale.com\\\/#\\\/schema\\\/person\\\/80b80daf9d9b6ec3d6070413c9c63119\"},\"headline\":\"Cittadinanza iure sanguinis: la Corte costituzionale respinge le questioni sul d.l. 36\\\/2025\",\"datePublished\":\"2026-03-13T16:22:59+00:00\",\"dateModified\":\"2026-03-26T13:39:02+00:00\",\"mainEntityOfPage\":{\"@id\":\"https:\\\/\\\/www.dt-studiolegale.com\\\/corte-costituzionale-cittadinanza-iure-sanguinis\\\/\"},\"wordCount\":1040,\"commentCount\":0,\"publisher\":{\"@id\":\"https:\\\/\\\/www.dt-studiolegale.com\\\/#organization\"},\"image\":{\"@id\":\"https:\\\/\\\/www.dt-studiolegale.com\\\/corte-costituzionale-cittadinanza-iure-sanguinis\\\/#primaryimage\"},\"thumbnailUrl\":\"https:\\\/\\\/www.dt-studiolegale.com\\\/wp-content\\\/uploads\\\/2026\\\/03\\\/image.jpg\",\"articleSection\":[\"Approfondimenti\",\"Difesa\",\"News\"],\"inLanguage\":\"en-GB\",\"potentialAction\":[{\"@type\":\"CommentAction\",\"name\":\"Comment\",\"target\":[\"https:\\\/\\\/www.dt-studiolegale.com\\\/corte-costituzionale-cittadinanza-iure-sanguinis\\\/#respond\"]}]},{\"@type\":\"WebPage\",\"@id\":\"https:\\\/\\\/www.dt-studiolegale.com\\\/corte-costituzionale-cittadinanza-iure-sanguinis\\\/\",\"url\":\"https:\\\/\\\/www.dt-studiolegale.com\\\/corte-costituzionale-cittadinanza-iure-sanguinis\\\/\",\"name\":\"Cittadinanza iure sanguinis: la Corte costituzionale respinge le questioni sul d.l. 36\\\/2025\",\"isPartOf\":{\"@id\":\"https:\\\/\\\/www.dt-studiolegale.com\\\/#website\"},\"primaryImageOfPage\":{\"@id\":\"https:\\\/\\\/www.dt-studiolegale.com\\\/corte-costituzionale-cittadinanza-iure-sanguinis\\\/#primaryimage\"},\"image\":{\"@id\":\"https:\\\/\\\/www.dt-studiolegale.com\\\/corte-costituzionale-cittadinanza-iure-sanguinis\\\/#primaryimage\"},\"thumbnailUrl\":\"https:\\\/\\\/www.dt-studiolegale.com\\\/wp-content\\\/uploads\\\/2026\\\/03\\\/image.jpg\",\"datePublished\":\"2026-03-13T16:22:59+00:00\",\"dateModified\":\"2026-03-26T13:39:02+00:00\",\"description\":\"La Corte costituzionale respinge le questioni sul d.l. 36\\\/2025 in materia di cittadinanza iure sanguinis. Un primo commento in attesa del deposito della sentenza.\",\"breadcrumb\":{\"@id\":\"https:\\\/\\\/www.dt-studiolegale.com\\\/corte-costituzionale-cittadinanza-iure-sanguinis\\\/#breadcrumb\"},\"inLanguage\":\"en-GB\",\"potentialAction\":[{\"@type\":\"ReadAction\",\"target\":[\"https:\\\/\\\/www.dt-studiolegale.com\\\/corte-costituzionale-cittadinanza-iure-sanguinis\\\/\"]}]},{\"@type\":\"ImageObject\",\"inLanguage\":\"en-GB\",\"@id\":\"https:\\\/\\\/www.dt-studiolegale.com\\\/corte-costituzionale-cittadinanza-iure-sanguinis\\\/#primaryimage\",\"url\":\"https:\\\/\\\/www.dt-studiolegale.com\\\/wp-content\\\/uploads\\\/2026\\\/03\\\/image.jpg\",\"contentUrl\":\"https:\\\/\\\/www.dt-studiolegale.com\\\/wp-content\\\/uploads\\\/2026\\\/03\\\/image.jpg\",\"width\":1080,\"height\":810},{\"@type\":\"BreadcrumbList\",\"@id\":\"https:\\\/\\\/www.dt-studiolegale.com\\\/corte-costituzionale-cittadinanza-iure-sanguinis\\\/#breadcrumb\",\"itemListElement\":[{\"@type\":\"ListItem\",\"position\":1,\"name\":\"Home\",\"item\":\"https:\\\/\\\/www.dt-studiolegale.com\\\/\"},{\"@type\":\"ListItem\",\"position\":2,\"name\":\"Cittadinanza iure sanguinis: la Corte costituzionale respinge le questioni sul d.l. 36\\\/2025\"}]},{\"@type\":\"WebSite\",\"@id\":\"https:\\\/\\\/www.dt-studiolegale.com\\\/#website\",\"url\":\"https:\\\/\\\/www.dt-studiolegale.com\\\/\",\"name\":\"DT Studio Legale\",\"description\":\"Difendiamo i diritti umani in Italia e in Europa\",\"publisher\":{\"@id\":\"https:\\\/\\\/www.dt-studiolegale.com\\\/#organization\"},\"potentialAction\":[{\"@type\":\"SearchAction\",\"target\":{\"@type\":\"EntryPoint\",\"urlTemplate\":\"https:\\\/\\\/www.dt-studiolegale.com\\\/?s={search_term_string}\"},\"query-input\":{\"@type\":\"PropertyValueSpecification\",\"valueRequired\":true,\"valueName\":\"search_term_string\"}}],\"inLanguage\":\"en-GB\"},{\"@type\":\"Organization\",\"@id\":\"https:\\\/\\\/www.dt-studiolegale.com\\\/#organization\",\"name\":\"DT Studio Legale\",\"url\":\"https:\\\/\\\/www.dt-studiolegale.com\\\/\",\"logo\":{\"@type\":\"ImageObject\",\"inLanguage\":\"en-GB\",\"@id\":\"https:\\\/\\\/www.dt-studiolegale.com\\\/#\\\/schema\\\/logo\\\/image\\\/\",\"url\":\"https:\\\/\\\/www.dt-studiolegale.com\\\/wp-content\\\/uploads\\\/2025\\\/11\\\/cropped-logo-chiaro-diritti-e-tutele-studio-legale.png\",\"contentUrl\":\"https:\\\/\\\/www.dt-studiolegale.com\\\/wp-content\\\/uploads\\\/2025\\\/11\\\/cropped-logo-chiaro-diritti-e-tutele-studio-legale.png\",\"width\":500,\"height\":500,\"caption\":\"DT Studio Legale\"},\"image\":{\"@id\":\"https:\\\/\\\/www.dt-studiolegale.com\\\/#\\\/schema\\\/logo\\\/image\\\/\"}},{\"@type\":\"Person\",\"@id\":\"https:\\\/\\\/www.dt-studiolegale.com\\\/#\\\/schema\\\/person\\\/80b80daf9d9b6ec3d6070413c9c63119\",\"name\":\"Gestore\",\"image\":{\"@type\":\"ImageObject\",\"inLanguage\":\"en-GB\",\"@id\":\"https:\\\/\\\/secure.gravatar.com\\\/avatar\\\/231e5b1e25b465f0798777e040f7356c27315ad5f4450ef57ec3edcd384d26a3?s=96&d=mm&r=g\",\"url\":\"https:\\\/\\\/secure.gravatar.com\\\/avatar\\\/231e5b1e25b465f0798777e040f7356c27315ad5f4450ef57ec3edcd384d26a3?s=96&d=mm&r=g\",\"contentUrl\":\"https:\\\/\\\/secure.gravatar.com\\\/avatar\\\/231e5b1e25b465f0798777e040f7356c27315ad5f4450ef57ec3edcd384d26a3?s=96&d=mm&r=g\",\"caption\":\"Gestore\"},\"sameAs\":[\"https:\\\/\\\/www.dt-studiolegale.com\"],\"url\":\"https:\\\/\\\/www.dt-studiolegale.com\\\/en\\\/author\\\/wp_12189562\\\/\"}]}<\/script>\n<!-- \/ Yoast SEO plugin. -->","yoast_head_json":{"title":"Citizenship by descent: the Constitutional Court dismisses the questions regarding Decree-Law 36\/2025","description":"La Corte costituzionale respinge le questioni sul d.l. 36\/2025 in materia di cittadinanza iure sanguinis. Un primo commento in attesa del deposito della sentenza.","robots":{"index":"index","follow":"follow","max-snippet":"max-snippet:-1","max-image-preview":"max-image-preview:large","max-video-preview":"max-video-preview:-1"},"canonical":"https:\/\/www.dt-studiolegale.com\/en\/corte-costituzionale-cittadinanza-iure-sanguinis\/","og_locale":"en_GB","og_type":"article","og_title":"Cittadinanza iure sanguinis: la Corte costituzionale respinge le questioni sul d.l. 36\/2025","og_description":"La Corte costituzionale respinge le questioni sul d.l. 36\/2025 in materia di cittadinanza iure sanguinis. Un primo commento in attesa del deposito della sentenza.","og_url":"https:\/\/www.dt-studiolegale.com\/en\/corte-costituzionale-cittadinanza-iure-sanguinis\/","og_site_name":"DT Studio Legale","article_published_time":"2026-03-13T16:22:59+00:00","article_modified_time":"2026-03-26T13:39:02+00:00","og_image":[{"width":1080,"height":810,"url":"https:\/\/www.dt-studiolegale.com\/wp-content\/uploads\/2026\/03\/image.jpg","type":"image\/jpeg"}],"author":"Gestore","twitter_card":"summary_large_image","twitter_misc":{"Written by":"Gestore","Estimated reading time":"6 minutes"},"schema":{"@context":"https:\/\/schema.org","@graph":[{"@type":"Article","@id":"https:\/\/www.dt-studiolegale.com\/corte-costituzionale-cittadinanza-iure-sanguinis\/#article","isPartOf":{"@id":"https:\/\/www.dt-studiolegale.com\/corte-costituzionale-cittadinanza-iure-sanguinis\/"},"author":{"name":"Gestore","@id":"https:\/\/www.dt-studiolegale.com\/#\/schema\/person\/80b80daf9d9b6ec3d6070413c9c63119"},"headline":"Cittadinanza iure sanguinis: la Corte costituzionale respinge le questioni sul d.l. 36\/2025","datePublished":"2026-03-13T16:22:59+00:00","dateModified":"2026-03-26T13:39:02+00:00","mainEntityOfPage":{"@id":"https:\/\/www.dt-studiolegale.com\/corte-costituzionale-cittadinanza-iure-sanguinis\/"},"wordCount":1040,"commentCount":0,"publisher":{"@id":"https:\/\/www.dt-studiolegale.com\/#organization"},"image":{"@id":"https:\/\/www.dt-studiolegale.com\/corte-costituzionale-cittadinanza-iure-sanguinis\/#primaryimage"},"thumbnailUrl":"https:\/\/www.dt-studiolegale.com\/wp-content\/uploads\/2026\/03\/image.jpg","articleSection":["Approfondimenti","Difesa","News"],"inLanguage":"en-GB","potentialAction":[{"@type":"CommentAction","name":"Comment","target":["https:\/\/www.dt-studiolegale.com\/corte-costituzionale-cittadinanza-iure-sanguinis\/#respond"]}]},{"@type":"WebPage","@id":"https:\/\/www.dt-studiolegale.com\/corte-costituzionale-cittadinanza-iure-sanguinis\/","url":"https:\/\/www.dt-studiolegale.com\/corte-costituzionale-cittadinanza-iure-sanguinis\/","name":"Citizenship by descent: the Constitutional Court dismisses the questions regarding Decree-Law 36\/2025","isPartOf":{"@id":"https:\/\/www.dt-studiolegale.com\/#website"},"primaryImageOfPage":{"@id":"https:\/\/www.dt-studiolegale.com\/corte-costituzionale-cittadinanza-iure-sanguinis\/#primaryimage"},"image":{"@id":"https:\/\/www.dt-studiolegale.com\/corte-costituzionale-cittadinanza-iure-sanguinis\/#primaryimage"},"thumbnailUrl":"https:\/\/www.dt-studiolegale.com\/wp-content\/uploads\/2026\/03\/image.jpg","datePublished":"2026-03-13T16:22:59+00:00","dateModified":"2026-03-26T13:39:02+00:00","description":"La Corte costituzionale respinge le questioni sul d.l. 36\/2025 in materia di cittadinanza iure sanguinis. Un primo commento in attesa del deposito della sentenza.","breadcrumb":{"@id":"https:\/\/www.dt-studiolegale.com\/corte-costituzionale-cittadinanza-iure-sanguinis\/#breadcrumb"},"inLanguage":"en-GB","potentialAction":[{"@type":"ReadAction","target":["https:\/\/www.dt-studiolegale.com\/corte-costituzionale-cittadinanza-iure-sanguinis\/"]}]},{"@type":"ImageObject","inLanguage":"en-GB","@id":"https:\/\/www.dt-studiolegale.com\/corte-costituzionale-cittadinanza-iure-sanguinis\/#primaryimage","url":"https:\/\/www.dt-studiolegale.com\/wp-content\/uploads\/2026\/03\/image.jpg","contentUrl":"https:\/\/www.dt-studiolegale.com\/wp-content\/uploads\/2026\/03\/image.jpg","width":1080,"height":810},{"@type":"BreadcrumbList","@id":"https:\/\/www.dt-studiolegale.com\/corte-costituzionale-cittadinanza-iure-sanguinis\/#breadcrumb","itemListElement":[{"@type":"ListItem","position":1,"name":"Home","item":"https:\/\/www.dt-studiolegale.com\/"},{"@type":"ListItem","position":2,"name":"Cittadinanza iure sanguinis: la Corte costituzionale respinge le questioni sul d.l. 36\/2025"}]},{"@type":"WebSite","@id":"https:\/\/www.dt-studiolegale.com\/#website","url":"https:\/\/www.dt-studiolegale.com\/","name":"DT Studio Legale","description":"Difendiamo i diritti umani in Italia e in Europa","publisher":{"@id":"https:\/\/www.dt-studiolegale.com\/#organization"},"potentialAction":[{"@type":"SearchAction","target":{"@type":"EntryPoint","urlTemplate":"https:\/\/www.dt-studiolegale.com\/?s={search_term_string}"},"query-input":{"@type":"PropertyValueSpecification","valueRequired":true,"valueName":"search_term_string"}}],"inLanguage":"en-GB"},{"@type":"Organization","@id":"https:\/\/www.dt-studiolegale.com\/#organization","name":"DT Studio Legale","url":"https:\/\/www.dt-studiolegale.com\/","logo":{"@type":"ImageObject","inLanguage":"en-GB","@id":"https:\/\/www.dt-studiolegale.com\/#\/schema\/logo\/image\/","url":"https:\/\/www.dt-studiolegale.com\/wp-content\/uploads\/2025\/11\/cropped-logo-chiaro-diritti-e-tutele-studio-legale.png","contentUrl":"https:\/\/www.dt-studiolegale.com\/wp-content\/uploads\/2025\/11\/cropped-logo-chiaro-diritti-e-tutele-studio-legale.png","width":500,"height":500,"caption":"DT Studio Legale"},"image":{"@id":"https:\/\/www.dt-studiolegale.com\/#\/schema\/logo\/image\/"}},{"@type":"Person","@id":"https:\/\/www.dt-studiolegale.com\/#\/schema\/person\/80b80daf9d9b6ec3d6070413c9c63119","name":"Gestore","image":{"@type":"ImageObject","inLanguage":"en-GB","@id":"https:\/\/secure.gravatar.com\/avatar\/231e5b1e25b465f0798777e040f7356c27315ad5f4450ef57ec3edcd384d26a3?s=96&d=mm&r=g","url":"https:\/\/secure.gravatar.com\/avatar\/231e5b1e25b465f0798777e040f7356c27315ad5f4450ef57ec3edcd384d26a3?s=96&d=mm&r=g","contentUrl":"https:\/\/secure.gravatar.com\/avatar\/231e5b1e25b465f0798777e040f7356c27315ad5f4450ef57ec3edcd384d26a3?s=96&d=mm&r=g","caption":"Gestore"},"sameAs":["https:\/\/www.dt-studiolegale.com"],"url":"https:\/\/www.dt-studiolegale.com\/en\/author\/wp_12189562\/"}]}},"uagb_featured_image_src":{"full":["https:\/\/www.dt-studiolegale.com\/wp-content\/uploads\/2026\/03\/image.jpg",1080,810,false],"thumbnail":["https:\/\/www.dt-studiolegale.com\/wp-content\/uploads\/2026\/03\/image-150x150.jpg",150,150,true],"medium":["https:\/\/www.dt-studiolegale.com\/wp-content\/uploads\/2026\/03\/image-300x225.jpg",300,225,true],"medium_large":["https:\/\/www.dt-studiolegale.com\/wp-content\/uploads\/2026\/03\/image-768x576.jpg",768,576,true],"large":["https:\/\/www.dt-studiolegale.com\/wp-content\/uploads\/2026\/03\/image-1024x768.jpg",1024,768,true],"1536x1536":["https:\/\/www.dt-studiolegale.com\/wp-content\/uploads\/2026\/03\/image.jpg",1080,810,false],"2048x2048":["https:\/\/www.dt-studiolegale.com\/wp-content\/uploads\/2026\/03\/image.jpg",1080,810,false],"trp-custom-language-flag":["https:\/\/www.dt-studiolegale.com\/wp-content\/uploads\/2026\/03\/image.jpg",16,12,false]},"uagb_author_info":{"display_name":"Gestore","author_link":"https:\/\/www.dt-studiolegale.com\/en\/author\/wp_12189562\/"},"uagb_comment_info":0,"uagb_excerpt":"Con il comunicato del 12 marzo 2026, la Corte costituzionale ha annunciato di avere dichiarato in parte non fondate e [&hellip;]","_links":{"self":[{"href":"https:\/\/www.dt-studiolegale.com\/en\/wp-json\/wp\/v2\/posts\/1089","targetHints":{"allow":["GET"]}}],"collection":[{"href":"https:\/\/www.dt-studiolegale.com\/en\/wp-json\/wp\/v2\/posts"}],"about":[{"href":"https:\/\/www.dt-studiolegale.com\/en\/wp-json\/wp\/v2\/types\/post"}],"author":[{"embeddable":true,"href":"https:\/\/www.dt-studiolegale.com\/en\/wp-json\/wp\/v2\/users\/1"}],"replies":[{"embeddable":true,"href":"https:\/\/www.dt-studiolegale.com\/en\/wp-json\/wp\/v2\/comments?post=1089"}],"version-history":[{"count":6,"href":"https:\/\/www.dt-studiolegale.com\/en\/wp-json\/wp\/v2\/posts\/1089\/revisions"}],"predecessor-version":[{"id":1120,"href":"https:\/\/www.dt-studiolegale.com\/en\/wp-json\/wp\/v2\/posts\/1089\/revisions\/1120"}],"wp:featuredmedia":[{"embeddable":true,"href":"https:\/\/www.dt-studiolegale.com\/en\/wp-json\/wp\/v2\/media\/1094"}],"wp:attachment":[{"href":"https:\/\/www.dt-studiolegale.com\/en\/wp-json\/wp\/v2\/media?parent=1089"}],"wp:term":[{"taxonomy":"category","embeddable":true,"href":"https:\/\/www.dt-studiolegale.com\/en\/wp-json\/wp\/v2\/categories?post=1089"},{"taxonomy":"post_tag","embeddable":true,"href":"https:\/\/www.dt-studiolegale.com\/en\/wp-json\/wp\/v2\/tags?post=1089"}],"curies":[{"name":"wp","href":"https:\/\/api.w.org\/{rel}","templated":true}]}}