{"id":1139,"date":"2026-04-14T16:09:28","date_gmt":"2026-04-14T16:09:28","guid":{"rendered":"https:\/\/www.dt-studiolegale.com\/?p=1139"},"modified":"2026-04-14T16:09:29","modified_gmt":"2026-04-14T16:09:29","slug":"lavv-federico-di-salvo-relatore-al-corso-avanzato-uncat-2026-su-cedu-e-diritto-tributario","status":"publish","type":"post","link":"https:\/\/www.dt-studiolegale.com\/en\/lavv-federico-di-salvo-relatore-al-corso-avanzato-uncat-2026-su-cedu-e-diritto-tributario\/","title":{"rendered":"L&#8217;Avv. Federico Di Salvo relatore al Corso Avanzato UNCAT 2026 su CEDU e Diritto Tributario"},"content":{"rendered":"<figure class=\"wp-block-image aligncenter size-full is-resized\"><img loading=\"lazy\" decoding=\"async\" width=\"1013\" height=\"345\" src=\"https:\/\/www.dt-studiolegale.com\/wp-content\/uploads\/2026\/04\/Cattura.jpg\" alt=\"Avv. Federico Di Salvo relatore al Corso Avanzato UNCAT 2026 su CEDU e diritto tributario\" class=\"wp-image-1140\" style=\"aspect-ratio:2.9363185905670766;width:721px;height:auto\" srcset=\"https:\/\/www.dt-studiolegale.com\/wp-content\/uploads\/2026\/04\/Cattura.jpg 1013w, https:\/\/www.dt-studiolegale.com\/wp-content\/uploads\/2026\/04\/Cattura-300x102.jpg 300w, https:\/\/www.dt-studiolegale.com\/wp-content\/uploads\/2026\/04\/Cattura-768x262.jpg 768w, https:\/\/www.dt-studiolegale.com\/wp-content\/uploads\/2026\/04\/Cattura-18x6.jpg 18w\" sizes=\"auto, (max-width: 1013px) 100vw, 1013px\" \/><\/figure>\n\n\n\n<h3 class=\"wp-block-heading\">A maggio 2026, l&#8217;Avv. Federico Di Salvo interverr\u00e0 come relatore al Corso Avanzato promosso da UNCAT \u2013 Unione Nazionale Camere Avvocati Tributaristi, dedicato ai rapporti tra CEDU e diritto tributario interno.<\/h3>\n\n\n\n<p class=\"wp-block-paragraph\">L&#8217;Avv. Federico Di Salvo parteciper\u00e0 in qualit\u00e0 di relatore al <strong>Corso Avanzato 2026 &#8220;CEDU e Diritto Tributario: tutela multilivello dei diritti e limiti dell&#8217;ingerenza pubblica&#8221;<\/strong>, promosso da <strong>UNCAT \u2013 Unione Nazionale Camere Avvocati Tributaristi<\/strong>, con il coordinamento scientifico della Camera Avvocati Tributaristi Liguria e della Camera Avvocati Tributaristi Trentino Alto Adige \u2013 Sud Tirol.<\/p>\n\n\n\n<p class=\"wp-block-paragraph\">Il corso \u00e8 articolato in <strong>5 moduli tematici<\/strong> e analizza in modo sistematico l&#8217;interazione tra la <strong>Convenzione Europea dei Diritti dell&#8217;Uomo<\/strong> e il diritto tributario interno. In particolare, approfondisce i criteri interpretativi elaborati dalla Corte EDU e la loro influenza sulla giurisprudenza nazionale e sull&#8217;Unione europea.<\/p>\n\n\n\n<h4 class=\"wp-block-heading\">Il contributo dell&#8217;Avv. Di Salvo<\/h4>\n\n\n\n<p class=\"wp-block-paragraph\">L&#8217;Avv. Di Salvo interverr\u00e0 nell&#8217;ambito del <strong>Modulo V \u2013 venerd\u00ec 8 e sabato 9 maggio 2026<\/strong>, dedicato al tema <strong>&#8220;CEDU e ordinamento interno: Costituzione, sistema delle fonti e criticit\u00e0 del diritto tributario&#8221;<\/strong>.<\/p>\n\n\n\n<p class=\"wp-block-paragraph\">Il modulo esaminer\u00e0 anzitutto il ruolo della CEDU nel sistema delle fonti, tra diritto internazionale pattizio, parametro interposto e diritto vivente. Si analizzer\u00e0 quindi il dialogo tra Corte EDU, Corte costituzionale e giudici nazionali. L&#8217;attenzione si concentrer\u00e0 infine sulle criticit\u00e0 strutturali del diritto tributario italiano alla luce dei principi convenzionali, con particolare riferimento a garanzie procedurali, sanzioni e proporzionalit\u00e0 dell&#8217;ingerenza fiscale.<\/p>\n\n\n\n<p class=\"wp-block-paragraph\">Accanto all&#8217;Avv. Di Salvo interverranno la <strong>Prof.ssa Avv. Alessia Fusco<\/strong> (Universit\u00e0 del Piemonte Orientale) e il <strong>Prof. Avv. Andrea Carinci<\/strong> (Ordinario di Diritto Tributario, Universit\u00e0 di Bologna).<\/p>\n\n\n\n<h4 class=\"wp-block-heading\">Un corso di alto profilo scientifico<\/h4>\n\n\n\n<p class=\"wp-block-paragraph\">Il Corso Avanzato UNCAT 2026 si distingue per la qualit\u00e0 del corpo docente. Tra i relatori figura l&#8217;<strong>Avv. Andrea Tamietti<\/strong>, giurista presso la Corte Europea dei Diritti dell&#8217;Uomo. Inoltre, i saluti conclusivi saranno affidati al <strong>Dott. Guido Raimondi<\/strong>, gi\u00e0 Presidente della Corte europea dei Diritti dell&#8217;Uomo, e all&#8217;<strong>Avv. Prof. Anton Giulio Lana<\/strong>, Presidente dell&#8217;Unione forense per la Tutela dei Diritti Umani.<\/p>\n\n\n\n<p class=\"wp-block-paragraph\">Il programma include anche l&#8217;analisi di casi di rilievo europeo, tra cui le sentenze di <strong>Italgomme Pneumatici S.r.l. e altri c. Italia (2025)<\/strong>, <strong>Agrisud c. Italia<\/strong> and <strong>Ferrieri-Bonassisa c. Italia<\/strong>, con la partecipazione dei professionisti che hanno patrocinato dinanzi alla Corte.<\/p>\n\n\n\n<h4 class=\"wp-block-heading\">Formazione specialistica e tutela dei diritti fondamentali<\/h4>\n\n\n\n<p class=\"wp-block-paragraph\">La partecipazione dell&#8217;Avv. Di Salvo si inserisce nell&#8217;impegno costante di DT Studio Legale per la formazione specialistica degli operatori del diritto. D&#8217;altra parte, la diffusione della cultura dei diritti umani \u00e8 da sempre al centro dell&#8217;attivit\u00e0 dello Studio. L&#8217;approccio <em>a rights-based approach<\/em> trova cos\u00ec in iniziative come questa un&#8217;occasione concreta di dialogo tra la dimensione convenzionale europea e le pratiche del diritto interno.<\/p>\n\n\n\n<p class=\"wp-block-paragraph\"><\/p>","protected":false},"excerpt":{"rendered":"<p>A maggio 2026, l&#8217;Avv. Federico Di Salvo interverr\u00e0 come relatore al Corso Avanzato promosso da UNCAT \u2013 Unione Nazionale Camere [&hellip;]<\/p>\n","protected":false},"author":2,"featured_media":1140,"comment_status":"open","ping_status":"open","sticky":false,"template":"","format":"standard","meta":{"_uag_custom_page_level_css":"","site-sidebar-layout":"default","site-content-layout":"","ast-site-content-layout":"default","site-content-style":"default","site-sidebar-style":"default","ast-global-header-display":"","ast-banner-title-visibility":"","ast-main-header-display":"","ast-hfb-above-header-display":"","ast-hfb-below-header-display":"","ast-hfb-mobile-header-display":"","site-post-title":"","ast-breadcrumbs-content":"","ast-featured-img":"","footer-sml-layout":"","ast-disable-related-posts":"","theme-transparent-header-meta":"","adv-header-id-meta":"","stick-header-meta":"","header-above-stick-meta":"","header-main-stick-meta":"","header-below-stick-meta":"","astra-migrate-meta-layouts":"default","ast-page-background-enabled":"default","ast-page-background-meta":{"desktop":{"background-color":"var(--ast-global-color-5)","background-image":"","background-repeat":"repeat","background-position":"center center","background-size":"auto","background-attachment":"scroll","background-type":"","background-media":"","overlay-type":"","overlay-color":"","overlay-opacity":"","overlay-gradient":""},"tablet":{"background-color":"","background-image":"","background-repeat":"repeat","background-position":"center center","background-size":"auto","background-attachment":"scroll","background-type":"","background-media":"","overlay-type":"","overlay-color":"","overlay-opacity":"","overlay-gradient":""},"mobile":{"background-color":"","background-image":"","background-repeat":"repeat","background-position":"center center","background-size":"auto","background-attachment":"scroll","background-type":"","background-media":"","overlay-type":"","overlay-color":"","overlay-opacity":"","overlay-gradient":""}},"ast-content-background-meta":{"desktop":{"background-color":"var(--ast-global-color-4)","background-image":"","background-repeat":"repeat","background-position":"center center","background-size":"auto","background-attachment":"scroll","background-type":"","background-media":"","overlay-type":"","overlay-color":"","overlay-opacity":"","overlay-gradient":""},"tablet":{"background-color":"var(--ast-global-color-4)","background-image":"","background-repeat":"repeat","background-position":"center center","background-size":"auto","background-attachment":"scroll","background-type":"","background-media":"","overlay-type":"","overlay-color":"","overlay-opacity":"","overlay-gradient":""},"mobile":{"background-color":"var(--ast-global-color-4)","background-image":"","background-repeat":"repeat","background-position":"center center","background-size":"auto","background-attachment":"scroll","background-type":"","background-media":"","overlay-type":"","overlay-color":"","overlay-opacity":"","overlay-gradient":""}},"footnotes":""},"categories":[19],"tags":[24,30,25,28,26,29],"class_list":["post-1139","post","type-post","status-publish","format-standard","has-post-thumbnail","hentry","category-su-di-noi","tag-cedu","tag-corte-edu","tag-diritti-fondamentali","tag-diritto-tributario","tag-federico-di-salvo","tag-formazione"],"yoast_head":"<!-- This site is optimized with the Yoast SEO plugin v28.3 - https:\/\/yoast.com\/product\/yoast-seo-wordpress\/ -->\n<title>Avv. Di Salvo relatore UNCAT 2026 \u2013 CEDU e Diritto Tributario<\/title>\n<meta name=\"description\" content=\"L&#039;Avv. Di Salvo relatore al Corso Avanzato UNCAT 2026 su CEDU e diritto tributario. Formazione specialistica sui diritti fondamentali.\" \/>\n<meta name=\"robots\" content=\"index, follow, max-snippet:-1, max-image-preview:large, max-video-preview:-1\" \/>\n<link rel=\"canonical\" href=\"https:\/\/www.dt-studiolegale.com\/en\/lavv-federico-di-salvo-relatore-al-corso-avanzato-uncat-2026-su-cedu-e-diritto-tributario\/\" \/>\n<meta property=\"og:locale\" content=\"en_GB\" \/>\n<meta property=\"og:type\" content=\"article\" \/>\n<meta property=\"og:title\" content=\"Avv. Di Salvo relatore UNCAT 2026 \u2013 CEDU e Diritto Tributario\" \/>\n<meta property=\"og:description\" content=\"L&#039;Avv. Di Salvo relatore al Corso Avanzato UNCAT 2026 su CEDU e diritto tributario. Formazione specialistica sui diritti fondamentali.\" \/>\n<meta property=\"og:url\" content=\"https:\/\/www.dt-studiolegale.com\/en\/lavv-federico-di-salvo-relatore-al-corso-avanzato-uncat-2026-su-cedu-e-diritto-tributario\/\" \/>\n<meta property=\"og:site_name\" content=\"DT Studio Legale\" \/>\n<meta property=\"article:published_time\" content=\"2026-04-14T16:09:28+00:00\" \/>\n<meta property=\"article:modified_time\" content=\"2026-04-14T16:09:29+00:00\" \/>\n<meta property=\"og:image\" content=\"https:\/\/www.dt-studiolegale.com\/wp-content\/uploads\/2026\/04\/Cattura.jpg\" \/>\n\t<meta property=\"og:image:width\" content=\"1013\" \/>\n\t<meta property=\"og:image:height\" content=\"345\" \/>\n\t<meta property=\"og:image:type\" content=\"image\/jpeg\" \/>\n<meta name=\"author\" content=\"Alessandro Dinisi\" \/>\n<meta name=\"twitter:card\" content=\"summary_large_image\" \/>\n<meta name=\"twitter:label1\" content=\"Written by\" \/>\n\t<meta name=\"twitter:data1\" content=\"Alessandro Dinisi\" \/>\n\t<meta name=\"twitter:label2\" content=\"Estimated reading time\" \/>\n\t<meta name=\"twitter:data2\" content=\"3 minutes\" \/>\n<script type=\"application\/ld+json\" class=\"yoast-schema-graph\">{\"@context\":\"https:\\\/\\\/schema.org\",\"@graph\":[{\"@type\":\"Article\",\"@id\":\"https:\\\/\\\/www.dt-studiolegale.com\\\/lavv-federico-di-salvo-relatore-al-corso-avanzato-uncat-2026-su-cedu-e-diritto-tributario\\\/#article\",\"isPartOf\":{\"@id\":\"https:\\\/\\\/www.dt-studiolegale.com\\\/lavv-federico-di-salvo-relatore-al-corso-avanzato-uncat-2026-su-cedu-e-diritto-tributario\\\/\"},\"author\":{\"name\":\"Alessandro Dinisi\",\"@id\":\"https:\\\/\\\/www.dt-studiolegale.com\\\/#\\\/schema\\\/person\\\/d1b602ce4b97b7c9e5796b705813dc5c\"},\"headline\":\"L&#8217;Avv. Federico Di Salvo relatore al Corso Avanzato UNCAT 2026 su CEDU e Diritto Tributario\",\"datePublished\":\"2026-04-14T16:09:28+00:00\",\"dateModified\":\"2026-04-14T16:09:29+00:00\",\"mainEntityOfPage\":{\"@id\":\"https:\\\/\\\/www.dt-studiolegale.com\\\/lavv-federico-di-salvo-relatore-al-corso-avanzato-uncat-2026-su-cedu-e-diritto-tributario\\\/\"},\"wordCount\":462,\"commentCount\":0,\"publisher\":{\"@id\":\"https:\\\/\\\/www.dt-studiolegale.com\\\/#organization\"},\"image\":{\"@id\":\"https:\\\/\\\/www.dt-studiolegale.com\\\/lavv-federico-di-salvo-relatore-al-corso-avanzato-uncat-2026-su-cedu-e-diritto-tributario\\\/#primaryimage\"},\"thumbnailUrl\":\"https:\\\/\\\/www.dt-studiolegale.com\\\/wp-content\\\/uploads\\\/2026\\\/04\\\/Cattura.jpg\",\"keywords\":[\"CEDU\",\"Corte EDU\",\"diritti fondamentali\",\"diritto tributario\",\"Federico Di Salvo\",\"formazione\"],\"articleSection\":[\"Su di noi\"],\"inLanguage\":\"en-GB\",\"potentialAction\":[{\"@type\":\"CommentAction\",\"name\":\"Comment\",\"target\":[\"https:\\\/\\\/www.dt-studiolegale.com\\\/lavv-federico-di-salvo-relatore-al-corso-avanzato-uncat-2026-su-cedu-e-diritto-tributario\\\/#respond\"]}]},{\"@type\":\"WebPage\",\"@id\":\"https:\\\/\\\/www.dt-studiolegale.com\\\/lavv-federico-di-salvo-relatore-al-corso-avanzato-uncat-2026-su-cedu-e-diritto-tributario\\\/\",\"url\":\"https:\\\/\\\/www.dt-studiolegale.com\\\/lavv-federico-di-salvo-relatore-al-corso-avanzato-uncat-2026-su-cedu-e-diritto-tributario\\\/\",\"name\":\"Avv. Di Salvo relatore UNCAT 2026 \u2013 CEDU e Diritto Tributario\",\"isPartOf\":{\"@id\":\"https:\\\/\\\/www.dt-studiolegale.com\\\/#website\"},\"primaryImageOfPage\":{\"@id\":\"https:\\\/\\\/www.dt-studiolegale.com\\\/lavv-federico-di-salvo-relatore-al-corso-avanzato-uncat-2026-su-cedu-e-diritto-tributario\\\/#primaryimage\"},\"image\":{\"@id\":\"https:\\\/\\\/www.dt-studiolegale.com\\\/lavv-federico-di-salvo-relatore-al-corso-avanzato-uncat-2026-su-cedu-e-diritto-tributario\\\/#primaryimage\"},\"thumbnailUrl\":\"https:\\\/\\\/www.dt-studiolegale.com\\\/wp-content\\\/uploads\\\/2026\\\/04\\\/Cattura.jpg\",\"datePublished\":\"2026-04-14T16:09:28+00:00\",\"dateModified\":\"2026-04-14T16:09:29+00:00\",\"description\":\"L'Avv. Di Salvo relatore al Corso Avanzato UNCAT 2026 su CEDU e diritto tributario. Formazione specialistica sui diritti fondamentali.\",\"breadcrumb\":{\"@id\":\"https:\\\/\\\/www.dt-studiolegale.com\\\/lavv-federico-di-salvo-relatore-al-corso-avanzato-uncat-2026-su-cedu-e-diritto-tributario\\\/#breadcrumb\"},\"inLanguage\":\"en-GB\",\"potentialAction\":[{\"@type\":\"ReadAction\",\"target\":[\"https:\\\/\\\/www.dt-studiolegale.com\\\/lavv-federico-di-salvo-relatore-al-corso-avanzato-uncat-2026-su-cedu-e-diritto-tributario\\\/\"]}]},{\"@type\":\"ImageObject\",\"inLanguage\":\"en-GB\",\"@id\":\"https:\\\/\\\/www.dt-studiolegale.com\\\/lavv-federico-di-salvo-relatore-al-corso-avanzato-uncat-2026-su-cedu-e-diritto-tributario\\\/#primaryimage\",\"url\":\"https:\\\/\\\/www.dt-studiolegale.com\\\/wp-content\\\/uploads\\\/2026\\\/04\\\/Cattura.jpg\",\"contentUrl\":\"https:\\\/\\\/www.dt-studiolegale.com\\\/wp-content\\\/uploads\\\/2026\\\/04\\\/Cattura.jpg\",\"width\":1013,\"height\":345},{\"@type\":\"BreadcrumbList\",\"@id\":\"https:\\\/\\\/www.dt-studiolegale.com\\\/lavv-federico-di-salvo-relatore-al-corso-avanzato-uncat-2026-su-cedu-e-diritto-tributario\\\/#breadcrumb\",\"itemListElement\":[{\"@type\":\"ListItem\",\"position\":1,\"name\":\"Home\",\"item\":\"https:\\\/\\\/www.dt-studiolegale.com\\\/\"},{\"@type\":\"ListItem\",\"position\":2,\"name\":\"L&#8217;Avv. Federico Di Salvo relatore al Corso Avanzato UNCAT 2026 su CEDU e Diritto Tributario\"}]},{\"@type\":\"WebSite\",\"@id\":\"https:\\\/\\\/www.dt-studiolegale.com\\\/#website\",\"url\":\"https:\\\/\\\/www.dt-studiolegale.com\\\/\",\"name\":\"DT Studio Legale\",\"description\":\"Difendiamo i diritti umani in Italia e in Europa\",\"publisher\":{\"@id\":\"https:\\\/\\\/www.dt-studiolegale.com\\\/#organization\"},\"potentialAction\":[{\"@type\":\"SearchAction\",\"target\":{\"@type\":\"EntryPoint\",\"urlTemplate\":\"https:\\\/\\\/www.dt-studiolegale.com\\\/?s={search_term_string}\"},\"query-input\":{\"@type\":\"PropertyValueSpecification\",\"valueRequired\":true,\"valueName\":\"search_term_string\"}}],\"inLanguage\":\"en-GB\"},{\"@type\":\"Organization\",\"@id\":\"https:\\\/\\\/www.dt-studiolegale.com\\\/#organization\",\"name\":\"DT Studio Legale\",\"url\":\"https:\\\/\\\/www.dt-studiolegale.com\\\/\",\"logo\":{\"@type\":\"ImageObject\",\"inLanguage\":\"en-GB\",\"@id\":\"https:\\\/\\\/www.dt-studiolegale.com\\\/#\\\/schema\\\/logo\\\/image\\\/\",\"url\":\"https:\\\/\\\/www.dt-studiolegale.com\\\/wp-content\\\/uploads\\\/2025\\\/11\\\/cropped-logo-chiaro-diritti-e-tutele-studio-legale.png\",\"contentUrl\":\"https:\\\/\\\/www.dt-studiolegale.com\\\/wp-content\\\/uploads\\\/2025\\\/11\\\/cropped-logo-chiaro-diritti-e-tutele-studio-legale.png\",\"width\":500,\"height\":500,\"caption\":\"DT Studio Legale\"},\"image\":{\"@id\":\"https:\\\/\\\/www.dt-studiolegale.com\\\/#\\\/schema\\\/logo\\\/image\\\/\"}},{\"@type\":\"Person\",\"@id\":\"https:\\\/\\\/www.dt-studiolegale.com\\\/#\\\/schema\\\/person\\\/d1b602ce4b97b7c9e5796b705813dc5c\",\"name\":\"Alessandro Dinisi\",\"image\":{\"@type\":\"ImageObject\",\"inLanguage\":\"en-GB\",\"@id\":\"https:\\\/\\\/secure.gravatar.com\\\/avatar\\\/69ac16710fc840b6132abcc47ae5d79bcb2424233d80606119f9721553231205?s=96&d=mm&r=g\",\"url\":\"https:\\\/\\\/secure.gravatar.com\\\/avatar\\\/69ac16710fc840b6132abcc47ae5d79bcb2424233d80606119f9721553231205?s=96&d=mm&r=g\",\"contentUrl\":\"https:\\\/\\\/secure.gravatar.com\\\/avatar\\\/69ac16710fc840b6132abcc47ae5d79bcb2424233d80606119f9721553231205?s=96&d=mm&r=g\",\"caption\":\"Alessandro Dinisi\"},\"url\":\"https:\\\/\\\/www.dt-studiolegale.com\\\/en\\\/author\\\/alessandro\\\/\"}]}<\/script>\n<!-- \/ Yoast SEO plugin. -->","yoast_head_json":{"title":"Avv. Di Salvo relatore UNCAT 2026 \u2013 CEDU e Diritto Tributario","description":"L'Avv. Di Salvo relatore al Corso Avanzato UNCAT 2026 su CEDU e diritto tributario. Formazione specialistica sui diritti fondamentali.","robots":{"index":"index","follow":"follow","max-snippet":"max-snippet:-1","max-image-preview":"max-image-preview:large","max-video-preview":"max-video-preview:-1"},"canonical":"https:\/\/www.dt-studiolegale.com\/en\/lavv-federico-di-salvo-relatore-al-corso-avanzato-uncat-2026-su-cedu-e-diritto-tributario\/","og_locale":"en_GB","og_type":"article","og_title":"Avv. Di Salvo relatore UNCAT 2026 \u2013 CEDU e Diritto Tributario","og_description":"L'Avv. Di Salvo relatore al Corso Avanzato UNCAT 2026 su CEDU e diritto tributario. Formazione specialistica sui diritti fondamentali.","og_url":"https:\/\/www.dt-studiolegale.com\/en\/lavv-federico-di-salvo-relatore-al-corso-avanzato-uncat-2026-su-cedu-e-diritto-tributario\/","og_site_name":"DT Studio Legale","article_published_time":"2026-04-14T16:09:28+00:00","article_modified_time":"2026-04-14T16:09:29+00:00","og_image":[{"width":1013,"height":345,"url":"https:\/\/www.dt-studiolegale.com\/wp-content\/uploads\/2026\/04\/Cattura.jpg","type":"image\/jpeg"}],"author":"Alessandro Dinisi","twitter_card":"summary_large_image","twitter_misc":{"Written by":"Alessandro Dinisi","Estimated reading time":"3 minutes"},"schema":{"@context":"https:\/\/schema.org","@graph":[{"@type":"Article","@id":"https:\/\/www.dt-studiolegale.com\/lavv-federico-di-salvo-relatore-al-corso-avanzato-uncat-2026-su-cedu-e-diritto-tributario\/#article","isPartOf":{"@id":"https:\/\/www.dt-studiolegale.com\/lavv-federico-di-salvo-relatore-al-corso-avanzato-uncat-2026-su-cedu-e-diritto-tributario\/"},"author":{"name":"Alessandro Dinisi","@id":"https:\/\/www.dt-studiolegale.com\/#\/schema\/person\/d1b602ce4b97b7c9e5796b705813dc5c"},"headline":"L&#8217;Avv. Federico Di Salvo relatore al Corso Avanzato UNCAT 2026 su CEDU e Diritto Tributario","datePublished":"2026-04-14T16:09:28+00:00","dateModified":"2026-04-14T16:09:29+00:00","mainEntityOfPage":{"@id":"https:\/\/www.dt-studiolegale.com\/lavv-federico-di-salvo-relatore-al-corso-avanzato-uncat-2026-su-cedu-e-diritto-tributario\/"},"wordCount":462,"commentCount":0,"publisher":{"@id":"https:\/\/www.dt-studiolegale.com\/#organization"},"image":{"@id":"https:\/\/www.dt-studiolegale.com\/lavv-federico-di-salvo-relatore-al-corso-avanzato-uncat-2026-su-cedu-e-diritto-tributario\/#primaryimage"},"thumbnailUrl":"https:\/\/www.dt-studiolegale.com\/wp-content\/uploads\/2026\/04\/Cattura.jpg","keywords":["CEDU","Corte EDU","diritti fondamentali","diritto tributario","Federico Di Salvo","formazione"],"articleSection":["Su di noi"],"inLanguage":"en-GB","potentialAction":[{"@type":"CommentAction","name":"Comment","target":["https:\/\/www.dt-studiolegale.com\/lavv-federico-di-salvo-relatore-al-corso-avanzato-uncat-2026-su-cedu-e-diritto-tributario\/#respond"]}]},{"@type":"WebPage","@id":"https:\/\/www.dt-studiolegale.com\/lavv-federico-di-salvo-relatore-al-corso-avanzato-uncat-2026-su-cedu-e-diritto-tributario\/","url":"https:\/\/www.dt-studiolegale.com\/lavv-federico-di-salvo-relatore-al-corso-avanzato-uncat-2026-su-cedu-e-diritto-tributario\/","name":"Avv. Di Salvo relatore UNCAT 2026 \u2013 CEDU e Diritto Tributario","isPartOf":{"@id":"https:\/\/www.dt-studiolegale.com\/#website"},"primaryImageOfPage":{"@id":"https:\/\/www.dt-studiolegale.com\/lavv-federico-di-salvo-relatore-al-corso-avanzato-uncat-2026-su-cedu-e-diritto-tributario\/#primaryimage"},"image":{"@id":"https:\/\/www.dt-studiolegale.com\/lavv-federico-di-salvo-relatore-al-corso-avanzato-uncat-2026-su-cedu-e-diritto-tributario\/#primaryimage"},"thumbnailUrl":"https:\/\/www.dt-studiolegale.com\/wp-content\/uploads\/2026\/04\/Cattura.jpg","datePublished":"2026-04-14T16:09:28+00:00","dateModified":"2026-04-14T16:09:29+00:00","description":"L'Avv. Di Salvo relatore al Corso Avanzato UNCAT 2026 su CEDU e diritto tributario. Formazione specialistica sui diritti fondamentali.","breadcrumb":{"@id":"https:\/\/www.dt-studiolegale.com\/lavv-federico-di-salvo-relatore-al-corso-avanzato-uncat-2026-su-cedu-e-diritto-tributario\/#breadcrumb"},"inLanguage":"en-GB","potentialAction":[{"@type":"ReadAction","target":["https:\/\/www.dt-studiolegale.com\/lavv-federico-di-salvo-relatore-al-corso-avanzato-uncat-2026-su-cedu-e-diritto-tributario\/"]}]},{"@type":"ImageObject","inLanguage":"en-GB","@id":"https:\/\/www.dt-studiolegale.com\/lavv-federico-di-salvo-relatore-al-corso-avanzato-uncat-2026-su-cedu-e-diritto-tributario\/#primaryimage","url":"https:\/\/www.dt-studiolegale.com\/wp-content\/uploads\/2026\/04\/Cattura.jpg","contentUrl":"https:\/\/www.dt-studiolegale.com\/wp-content\/uploads\/2026\/04\/Cattura.jpg","width":1013,"height":345},{"@type":"BreadcrumbList","@id":"https:\/\/www.dt-studiolegale.com\/lavv-federico-di-salvo-relatore-al-corso-avanzato-uncat-2026-su-cedu-e-diritto-tributario\/#breadcrumb","itemListElement":[{"@type":"ListItem","position":1,"name":"Home","item":"https:\/\/www.dt-studiolegale.com\/"},{"@type":"ListItem","position":2,"name":"L&#8217;Avv. Federico Di Salvo relatore al Corso Avanzato UNCAT 2026 su CEDU e Diritto Tributario"}]},{"@type":"WebSite","@id":"https:\/\/www.dt-studiolegale.com\/#website","url":"https:\/\/www.dt-studiolegale.com\/","name":"DT Studio Legale","description":"Difendiamo i diritti umani in Italia e in Europa","publisher":{"@id":"https:\/\/www.dt-studiolegale.com\/#organization"},"potentialAction":[{"@type":"SearchAction","target":{"@type":"EntryPoint","urlTemplate":"https:\/\/www.dt-studiolegale.com\/?s={search_term_string}"},"query-input":{"@type":"PropertyValueSpecification","valueRequired":true,"valueName":"search_term_string"}}],"inLanguage":"en-GB"},{"@type":"Organization","@id":"https:\/\/www.dt-studiolegale.com\/#organization","name":"DT Studio Legale","url":"https:\/\/www.dt-studiolegale.com\/","logo":{"@type":"ImageObject","inLanguage":"en-GB","@id":"https:\/\/www.dt-studiolegale.com\/#\/schema\/logo\/image\/","url":"https:\/\/www.dt-studiolegale.com\/wp-content\/uploads\/2025\/11\/cropped-logo-chiaro-diritti-e-tutele-studio-legale.png","contentUrl":"https:\/\/www.dt-studiolegale.com\/wp-content\/uploads\/2025\/11\/cropped-logo-chiaro-diritti-e-tutele-studio-legale.png","width":500,"height":500,"caption":"DT Studio Legale"},"image":{"@id":"https:\/\/www.dt-studiolegale.com\/#\/schema\/logo\/image\/"}},{"@type":"Person","@id":"https:\/\/www.dt-studiolegale.com\/#\/schema\/person\/d1b602ce4b97b7c9e5796b705813dc5c","name":"Alessandro Dinisi","image":{"@type":"ImageObject","inLanguage":"en-GB","@id":"https:\/\/secure.gravatar.com\/avatar\/69ac16710fc840b6132abcc47ae5d79bcb2424233d80606119f9721553231205?s=96&d=mm&r=g","url":"https:\/\/secure.gravatar.com\/avatar\/69ac16710fc840b6132abcc47ae5d79bcb2424233d80606119f9721553231205?s=96&d=mm&r=g","contentUrl":"https:\/\/secure.gravatar.com\/avatar\/69ac16710fc840b6132abcc47ae5d79bcb2424233d80606119f9721553231205?s=96&d=mm&r=g","caption":"Alessandro Dinisi"},"url":"https:\/\/www.dt-studiolegale.com\/en\/author\/alessandro\/"}]}},"uagb_featured_image_src":{"full":["https:\/\/www.dt-studiolegale.com\/wp-content\/uploads\/2026\/04\/Cattura.jpg",1013,345,false],"thumbnail":["https:\/\/www.dt-studiolegale.com\/wp-content\/uploads\/2026\/04\/Cattura-150x150.jpg",150,150,true],"medium":["https:\/\/www.dt-studiolegale.com\/wp-content\/uploads\/2026\/04\/Cattura-300x102.jpg",300,102,true],"medium_large":["https:\/\/www.dt-studiolegale.com\/wp-content\/uploads\/2026\/04\/Cattura-768x262.jpg",768,262,true],"large":["https:\/\/www.dt-studiolegale.com\/wp-content\/uploads\/2026\/04\/Cattura.jpg",1013,345,false],"1536x1536":["https:\/\/www.dt-studiolegale.com\/wp-content\/uploads\/2026\/04\/Cattura.jpg",1013,345,false],"2048x2048":["https:\/\/www.dt-studiolegale.com\/wp-content\/uploads\/2026\/04\/Cattura.jpg",1013,345,false],"trp-custom-language-flag":["https:\/\/www.dt-studiolegale.com\/wp-content\/uploads\/2026\/04\/Cattura-18x6.jpg",18,6,true]},"uagb_author_info":{"display_name":"Alessandro Dinisi","author_link":"https:\/\/www.dt-studiolegale.com\/en\/author\/alessandro\/"},"uagb_comment_info":0,"uagb_excerpt":"A maggio 2026, l&#8217;Avv. Federico Di Salvo interverr\u00e0 come relatore al Corso Avanzato promosso da UNCAT \u2013 Unione Nazionale Camere [&hellip;]","_links":{"self":[{"href":"https:\/\/www.dt-studiolegale.com\/en\/wp-json\/wp\/v2\/posts\/1139","targetHints":{"allow":["GET"]}}],"collection":[{"href":"https:\/\/www.dt-studiolegale.com\/en\/wp-json\/wp\/v2\/posts"}],"about":[{"href":"https:\/\/www.dt-studiolegale.com\/en\/wp-json\/wp\/v2\/types\/post"}],"author":[{"embeddable":true,"href":"https:\/\/www.dt-studiolegale.com\/en\/wp-json\/wp\/v2\/users\/2"}],"replies":[{"embeddable":true,"href":"https:\/\/www.dt-studiolegale.com\/en\/wp-json\/wp\/v2\/comments?post=1139"}],"version-history":[{"count":1,"href":"https:\/\/www.dt-studiolegale.com\/en\/wp-json\/wp\/v2\/posts\/1139\/revisions"}],"predecessor-version":[{"id":1141,"href":"https:\/\/www.dt-studiolegale.com\/en\/wp-json\/wp\/v2\/posts\/1139\/revisions\/1141"}],"wp:featuredmedia":[{"embeddable":true,"href":"https:\/\/www.dt-studiolegale.com\/en\/wp-json\/wp\/v2\/media\/1140"}],"wp:attachment":[{"href":"https:\/\/www.dt-studiolegale.com\/en\/wp-json\/wp\/v2\/media?parent=1139"}],"wp:term":[{"taxonomy":"category","embeddable":true,"href":"https:\/\/www.dt-studiolegale.com\/en\/wp-json\/wp\/v2\/categories?post=1139"},{"taxonomy":"post_tag","embeddable":true,"href":"https:\/\/www.dt-studiolegale.com\/en\/wp-json\/wp\/v2\/tags?post=1139"}],"curies":[{"name":"wp","href":"https:\/\/api.w.org\/{rel}","templated":true}]}}