{"id":921,"date":"2025-04-11T17:35:00","date_gmt":"2025-04-11T17:35:00","guid":{"rendered":"https:\/\/www.dt-studiolegale.com\/?p=921"},"modified":"2026-03-26T13:37:29","modified_gmt":"2026-03-26T13:37:29","slug":"podcast-con-lavv-federico-di-salvo","status":"publish","type":"post","link":"https:\/\/www.dt-studiolegale.com\/en\/podcast-con-lavv-federico-di-salvo\/","title":{"rendered":"Podcast with Federico Di Salvo, Lawyer\u2013 the career of an international lawyer"},"content":{"rendered":"<figure class=\"wp-block-embed aligncenter is-type-rich is-provider-spotify wp-block-embed-spotify wp-embed-aspect-21-9 wp-has-aspect-ratio\"><div class=\"wp-block-embed__wrapper\">\n<iframe title=\"Spotify Embed: Cento e oltre - Federico Di Salvo, avvocato e Console Onorario di Germania in Toscana\" style=\"border-radius: 12px\" width=\"100%\" height=\"152\" frameborder=\"0\" allowfullscreen allow=\"autoplay; clipboard-write; encrypted-media; fullscreen; picture-in-picture\" loading=\"lazy\" src=\"https:\/\/open.spotify.com\/embed\/episode\/5wBbez2GQxw10e30qomGOT?si=5SNx3P06TaOr3WF0pF7WKw&amp;utm_source=oembed\"><\/iframe>\n<\/div><\/figure>\n\n\n\n<p class=\"wp-block-paragraph\">Giulia Valente Bagattini, laureata in giurisprudenza all&#8217;Universit\u00e0 degli Studi di Firenze, intervista <a href=\"https:\/\/www.dt-studiolegale.com\/en\/team\/\" type=\"link\" id=\"https:\/\/www.dt-studiolegale.com\/team\/\">Federico Di Salvo<\/a>.<\/p>\n\n\n\n<p class=\"wp-block-paragraph\">Avvocato patrocinante davanti alla Corte Europea dei Diritti dell\u2019Uomo, agli Organismi Internazionali e alle Giurisdizioni Superiori nazionali, <a href=\"https:\/\/www.dt-studiolegale.com\/en\/team\/\" type=\"link\" id=\"https:\/\/www.dt-studiolegale.com\/team\/\">Federico Di Salvo<\/a> da anni si occupa di difesa, consulenza e formazione in materia di diritti fondamentali, diritto europeo e internazionale. Formatore abilitato del programma HELP del Consiglio d\u2019Europa (Human Rights Education for Legal Professionals), da gennaio 2024 \u00e8 Console Onorario di Germania in Toscana.<\/p>\n\n\n\n<p class=\"wp-block-paragraph\">Di Salvo, legale in Italia e Germania, \u00e8 anche impegnato in progetti formativi del CNF, della Scuola Superiore della Magistratura e di numerose scuole forensi e si occupa di volontariato e associazionismo sociale, culturale e sportivo.<\/p>\n\n\n\n<p class=\"wp-block-paragraph\">Cultore della materia in Diritto Internazionale all\u2019Universit\u00e0 di Siena e in Filosofia del diritto all\u2019Universit\u00e0 degli Studi di Firenze, \u00e8 membro della SIDI, Societ\u00e0 Italiana di Diritto Internazionale, e dell\u2019Unione Europea e dell\u2019Unione Forense Tutela Diritti Umani, per la quale \u00e8 incaricato referente della Sezione Toscana.<\/p>\n\n\n\n<p class=\"wp-block-paragraph\"><\/p>","protected":false},"excerpt":{"rendered":"<p>Giulia Valente Bagattini, laureata in giurisprudenza all&#8217;Universit\u00e0 degli Studi di Firenze, intervista Federico Di Salvo. Avvocato patrocinante davanti alla Corte [&hellip;]<\/p>\n","protected":false},"author":3,"featured_media":932,"comment_status":"open","ping_status":"open","sticky":false,"template":"","format":"standard","meta":{"_uag_custom_page_level_css":"","site-sidebar-layout":"default","site-content-layout":"","ast-site-content-layout":"default","site-content-style":"default","site-sidebar-style":"default","ast-global-header-display":"","ast-banner-title-visibility":"","ast-main-header-display":"","ast-hfb-above-header-display":"","ast-hfb-below-header-display":"","ast-hfb-mobile-header-display":"","site-post-title":"","ast-breadcrumbs-content":"","ast-featured-img":"","footer-sml-layout":"","ast-disable-related-posts":"","theme-transparent-header-meta":"","adv-header-id-meta":"","stick-header-meta":"","header-above-stick-meta":"","header-main-stick-meta":"","header-below-stick-meta":"","astra-migrate-meta-layouts":"default","ast-page-background-enabled":"default","ast-page-background-meta":{"desktop":{"background-color":"var(--ast-global-color-5)","background-image":"","background-repeat":"repeat","background-position":"center center","background-size":"auto","background-attachment":"scroll","background-type":"","background-media":"","overlay-type":"","overlay-color":"","overlay-opacity":"","overlay-gradient":""},"tablet":{"background-color":"","background-image":"","background-repeat":"repeat","background-position":"center center","background-size":"auto","background-attachment":"scroll","background-type":"","background-media":"","overlay-type":"","overlay-color":"","overlay-opacity":"","overlay-gradient":""},"mobile":{"background-color":"","background-image":"","background-repeat":"repeat","background-position":"center center","background-size":"auto","background-attachment":"scroll","background-type":"","background-media":"","overlay-type":"","overlay-color":"","overlay-opacity":"","overlay-gradient":""}},"ast-content-background-meta":{"desktop":{"background-color":"var(--ast-global-color-4)","background-image":"","background-repeat":"repeat","background-position":"center center","background-size":"auto","background-attachment":"scroll","background-type":"","background-media":"","overlay-type":"","overlay-color":"","overlay-opacity":"","overlay-gradient":""},"tablet":{"background-color":"var(--ast-global-color-4)","background-image":"","background-repeat":"repeat","background-position":"center center","background-size":"auto","background-attachment":"scroll","background-type":"","background-media":"","overlay-type":"","overlay-color":"","overlay-opacity":"","overlay-gradient":""},"mobile":{"background-color":"var(--ast-global-color-4)","background-image":"","background-repeat":"repeat","background-position":"center center","background-size":"auto","background-attachment":"scroll","background-type":"","background-media":"","overlay-type":"","overlay-color":"","overlay-opacity":"","overlay-gradient":""}},"footnotes":""},"categories":[18,19],"tags":[],"class_list":["post-921","post","type-post","status-publish","format-standard","has-post-thumbnail","hentry","category-approfondimenti","category-su-di-noi"],"yoast_head":"<!-- This site is optimized with the Yoast SEO plugin v28.3 - https:\/\/yoast.com\/product\/yoast-seo-wordpress\/ -->\n<title>Podcast con l\u2019Avv. Di Salvo \u2013 la carriera di un internazionalista<\/title>\n<meta name=\"description\" content=\"Ascolta il podcast con Federico Di Salvo sulla carriera dell\u2019avvocato internazionalista e sul lavoro nel diritto internazionale dei diritti umani.\" \/>\n<meta name=\"robots\" content=\"index, follow, max-snippet:-1, max-image-preview:large, max-video-preview:-1\" \/>\n<link rel=\"canonical\" href=\"https:\/\/www.dt-studiolegale.com\/en\/podcast-con-lavv-federico-di-salvo\/\" \/>\n<meta property=\"og:locale\" content=\"en_GB\" \/>\n<meta property=\"og:type\" content=\"article\" \/>\n<meta property=\"og:title\" content=\"Podcast con l\u2019Avv. Di Salvo \u2013 la carriera di un internazionalista\" \/>\n<meta property=\"og:description\" content=\"Ascolta il podcast con Federico Di Salvo sulla carriera dell\u2019avvocato internazionalista e sul lavoro nel diritto internazionale dei diritti umani.\" \/>\n<meta property=\"og:url\" content=\"https:\/\/www.dt-studiolegale.com\/en\/podcast-con-lavv-federico-di-salvo\/\" \/>\n<meta property=\"og:site_name\" content=\"DT Studio Legale\" \/>\n<meta property=\"article:published_time\" content=\"2025-04-11T17:35:00+00:00\" \/>\n<meta property=\"article:modified_time\" content=\"2026-03-26T13:37:29+00:00\" \/>\n<meta property=\"og:image\" content=\"https:\/\/www.dt-studiolegale.com\/wp-content\/uploads\/2025\/04\/podcast.jpg.webp\" \/>\n\t<meta property=\"og:image:width\" content=\"800\" \/>\n\t<meta property=\"og:image:height\" content=\"534\" \/>\n\t<meta property=\"og:image:type\" content=\"image\/webp\" \/>\n<meta name=\"author\" content=\"Federico Di Salvo\" \/>\n<meta name=\"twitter:card\" content=\"summary_large_image\" \/>\n<meta name=\"twitter:label1\" content=\"Written by\" \/>\n\t<meta name=\"twitter:data1\" content=\"Federico Di Salvo\" \/>\n\t<meta name=\"twitter:label2\" content=\"Estimated reading time\" \/>\n\t<meta name=\"twitter:data2\" content=\"2 minutes\" \/>\n<script type=\"application\/ld+json\" class=\"yoast-schema-graph\">{\"@context\":\"https:\\\/\\\/schema.org\",\"@graph\":[{\"@type\":\"Article\",\"@id\":\"https:\\\/\\\/www.dt-studiolegale.com\\\/podcast-con-lavv-federico-di-salvo\\\/#article\",\"isPartOf\":{\"@id\":\"https:\\\/\\\/www.dt-studiolegale.com\\\/podcast-con-lavv-federico-di-salvo\\\/\"},\"author\":{\"name\":\"Federico Di Salvo\",\"@id\":\"https:\\\/\\\/www.dt-studiolegale.com\\\/#\\\/schema\\\/person\\\/d8f93f68dfca70eb7cea4c126a6d9ade\"},\"headline\":\"Podcast con l&#8217;Avv. Federico Di Salvo &#8211; la carriera di un internazionalista\",\"datePublished\":\"2025-04-11T17:35:00+00:00\",\"dateModified\":\"2026-03-26T13:37:29+00:00\",\"mainEntityOfPage\":{\"@id\":\"https:\\\/\\\/www.dt-studiolegale.com\\\/podcast-con-lavv-federico-di-salvo\\\/\"},\"wordCount\":190,\"commentCount\":0,\"publisher\":{\"@id\":\"https:\\\/\\\/www.dt-studiolegale.com\\\/#organization\"},\"image\":{\"@id\":\"https:\\\/\\\/www.dt-studiolegale.com\\\/podcast-con-lavv-federico-di-salvo\\\/#primaryimage\"},\"thumbnailUrl\":\"https:\\\/\\\/www.dt-studiolegale.com\\\/wp-content\\\/uploads\\\/2025\\\/04\\\/podcast.jpg.webp\",\"articleSection\":[\"Approfondimenti\",\"Su di noi\"],\"inLanguage\":\"en-GB\",\"potentialAction\":[{\"@type\":\"CommentAction\",\"name\":\"Comment\",\"target\":[\"https:\\\/\\\/www.dt-studiolegale.com\\\/podcast-con-lavv-federico-di-salvo\\\/#respond\"]}]},{\"@type\":\"WebPage\",\"@id\":\"https:\\\/\\\/www.dt-studiolegale.com\\\/podcast-con-lavv-federico-di-salvo\\\/\",\"url\":\"https:\\\/\\\/www.dt-studiolegale.com\\\/podcast-con-lavv-federico-di-salvo\\\/\",\"name\":\"Podcast con l\u2019Avv. Di Salvo \u2013 la carriera di un internazionalista\",\"isPartOf\":{\"@id\":\"https:\\\/\\\/www.dt-studiolegale.com\\\/#website\"},\"primaryImageOfPage\":{\"@id\":\"https:\\\/\\\/www.dt-studiolegale.com\\\/podcast-con-lavv-federico-di-salvo\\\/#primaryimage\"},\"image\":{\"@id\":\"https:\\\/\\\/www.dt-studiolegale.com\\\/podcast-con-lavv-federico-di-salvo\\\/#primaryimage\"},\"thumbnailUrl\":\"https:\\\/\\\/www.dt-studiolegale.com\\\/wp-content\\\/uploads\\\/2025\\\/04\\\/podcast.jpg.webp\",\"datePublished\":\"2025-04-11T17:35:00+00:00\",\"dateModified\":\"2026-03-26T13:37:29+00:00\",\"description\":\"Ascolta il podcast con Federico Di Salvo sulla carriera dell\u2019avvocato internazionalista e sul lavoro nel diritto internazionale dei diritti umani.\",\"breadcrumb\":{\"@id\":\"https:\\\/\\\/www.dt-studiolegale.com\\\/podcast-con-lavv-federico-di-salvo\\\/#breadcrumb\"},\"inLanguage\":\"en-GB\",\"potentialAction\":[{\"@type\":\"ReadAction\",\"target\":[\"https:\\\/\\\/www.dt-studiolegale.com\\\/podcast-con-lavv-federico-di-salvo\\\/\"]}]},{\"@type\":\"ImageObject\",\"inLanguage\":\"en-GB\",\"@id\":\"https:\\\/\\\/www.dt-studiolegale.com\\\/podcast-con-lavv-federico-di-salvo\\\/#primaryimage\",\"url\":\"https:\\\/\\\/www.dt-studiolegale.com\\\/wp-content\\\/uploads\\\/2025\\\/04\\\/podcast.jpg.webp\",\"contentUrl\":\"https:\\\/\\\/www.dt-studiolegale.com\\\/wp-content\\\/uploads\\\/2025\\\/04\\\/podcast.jpg.webp\",\"width\":800,\"height\":534},{\"@type\":\"BreadcrumbList\",\"@id\":\"https:\\\/\\\/www.dt-studiolegale.com\\\/podcast-con-lavv-federico-di-salvo\\\/#breadcrumb\",\"itemListElement\":[{\"@type\":\"ListItem\",\"position\":1,\"name\":\"Home\",\"item\":\"https:\\\/\\\/www.dt-studiolegale.com\\\/\"},{\"@type\":\"ListItem\",\"position\":2,\"name\":\"Podcast con l&#8217;Avv. Federico Di Salvo &#8211; la carriera di un internazionalista\"}]},{\"@type\":\"WebSite\",\"@id\":\"https:\\\/\\\/www.dt-studiolegale.com\\\/#website\",\"url\":\"https:\\\/\\\/www.dt-studiolegale.com\\\/\",\"name\":\"DT Studio Legale\",\"description\":\"Difendiamo i diritti umani in Italia e in Europa\",\"publisher\":{\"@id\":\"https:\\\/\\\/www.dt-studiolegale.com\\\/#organization\"},\"potentialAction\":[{\"@type\":\"SearchAction\",\"target\":{\"@type\":\"EntryPoint\",\"urlTemplate\":\"https:\\\/\\\/www.dt-studiolegale.com\\\/?s={search_term_string}\"},\"query-input\":{\"@type\":\"PropertyValueSpecification\",\"valueRequired\":true,\"valueName\":\"search_term_string\"}}],\"inLanguage\":\"en-GB\"},{\"@type\":\"Organization\",\"@id\":\"https:\\\/\\\/www.dt-studiolegale.com\\\/#organization\",\"name\":\"DT Studio Legale\",\"url\":\"https:\\\/\\\/www.dt-studiolegale.com\\\/\",\"logo\":{\"@type\":\"ImageObject\",\"inLanguage\":\"en-GB\",\"@id\":\"https:\\\/\\\/www.dt-studiolegale.com\\\/#\\\/schema\\\/logo\\\/image\\\/\",\"url\":\"https:\\\/\\\/www.dt-studiolegale.com\\\/wp-content\\\/uploads\\\/2025\\\/11\\\/cropped-logo-chiaro-diritti-e-tutele-studio-legale.png\",\"contentUrl\":\"https:\\\/\\\/www.dt-studiolegale.com\\\/wp-content\\\/uploads\\\/2025\\\/11\\\/cropped-logo-chiaro-diritti-e-tutele-studio-legale.png\",\"width\":500,\"height\":500,\"caption\":\"DT Studio Legale\"},\"image\":{\"@id\":\"https:\\\/\\\/www.dt-studiolegale.com\\\/#\\\/schema\\\/logo\\\/image\\\/\"}},{\"@type\":\"Person\",\"@id\":\"https:\\\/\\\/www.dt-studiolegale.com\\\/#\\\/schema\\\/person\\\/d8f93f68dfca70eb7cea4c126a6d9ade\",\"name\":\"Federico Di Salvo\",\"image\":{\"@type\":\"ImageObject\",\"inLanguage\":\"en-GB\",\"@id\":\"https:\\\/\\\/secure.gravatar.com\\\/avatar\\\/f7e84ae26018da8dbdc74278c6b67ecaabc67b2e49122a8ba77f69dbb99c062d?s=96&d=mm&r=g\",\"url\":\"https:\\\/\\\/secure.gravatar.com\\\/avatar\\\/f7e84ae26018da8dbdc74278c6b67ecaabc67b2e49122a8ba77f69dbb99c062d?s=96&d=mm&r=g\",\"contentUrl\":\"https:\\\/\\\/secure.gravatar.com\\\/avatar\\\/f7e84ae26018da8dbdc74278c6b67ecaabc67b2e49122a8ba77f69dbb99c062d?s=96&d=mm&r=g\",\"caption\":\"Federico Di Salvo\"},\"url\":\"https:\\\/\\\/www.dt-studiolegale.com\\\/en\\\/author\\\/federico\\\/\"}]}<\/script>\n<!-- \/ Yoast SEO plugin. -->","yoast_head_json":{"title":"Podcast con l\u2019Avv. Di Salvo \u2013 la carriera di un internazionalista","description":"Ascolta il podcast con Federico Di Salvo sulla carriera dell\u2019avvocato internazionalista e sul lavoro nel diritto internazionale dei diritti umani.","robots":{"index":"index","follow":"follow","max-snippet":"max-snippet:-1","max-image-preview":"max-image-preview:large","max-video-preview":"max-video-preview:-1"},"canonical":"https:\/\/www.dt-studiolegale.com\/en\/podcast-con-lavv-federico-di-salvo\/","og_locale":"en_GB","og_type":"article","og_title":"Podcast con l\u2019Avv. Di Salvo \u2013 la carriera di un internazionalista","og_description":"Ascolta il podcast con Federico Di Salvo sulla carriera dell\u2019avvocato internazionalista e sul lavoro nel diritto internazionale dei diritti umani.","og_url":"https:\/\/www.dt-studiolegale.com\/en\/podcast-con-lavv-federico-di-salvo\/","og_site_name":"DT Studio Legale","article_published_time":"2025-04-11T17:35:00+00:00","article_modified_time":"2026-03-26T13:37:29+00:00","og_image":[{"width":800,"height":534,"url":"https:\/\/www.dt-studiolegale.com\/wp-content\/uploads\/2025\/04\/podcast.jpg.webp","type":"image\/webp"}],"author":"Federico Di Salvo","twitter_card":"summary_large_image","twitter_misc":{"Written by":"Federico Di Salvo","Estimated reading time":"2 minutes"},"schema":{"@context":"https:\/\/schema.org","@graph":[{"@type":"Article","@id":"https:\/\/www.dt-studiolegale.com\/podcast-con-lavv-federico-di-salvo\/#article","isPartOf":{"@id":"https:\/\/www.dt-studiolegale.com\/podcast-con-lavv-federico-di-salvo\/"},"author":{"name":"Federico Di Salvo","@id":"https:\/\/www.dt-studiolegale.com\/#\/schema\/person\/d8f93f68dfca70eb7cea4c126a6d9ade"},"headline":"Podcast con l&#8217;Avv. Federico Di Salvo &#8211; la carriera di un internazionalista","datePublished":"2025-04-11T17:35:00+00:00","dateModified":"2026-03-26T13:37:29+00:00","mainEntityOfPage":{"@id":"https:\/\/www.dt-studiolegale.com\/podcast-con-lavv-federico-di-salvo\/"},"wordCount":190,"commentCount":0,"publisher":{"@id":"https:\/\/www.dt-studiolegale.com\/#organization"},"image":{"@id":"https:\/\/www.dt-studiolegale.com\/podcast-con-lavv-federico-di-salvo\/#primaryimage"},"thumbnailUrl":"https:\/\/www.dt-studiolegale.com\/wp-content\/uploads\/2025\/04\/podcast.jpg.webp","articleSection":["Approfondimenti","Su di noi"],"inLanguage":"en-GB","potentialAction":[{"@type":"CommentAction","name":"Comment","target":["https:\/\/www.dt-studiolegale.com\/podcast-con-lavv-federico-di-salvo\/#respond"]}]},{"@type":"WebPage","@id":"https:\/\/www.dt-studiolegale.com\/podcast-con-lavv-federico-di-salvo\/","url":"https:\/\/www.dt-studiolegale.com\/podcast-con-lavv-federico-di-salvo\/","name":"Podcast con l\u2019Avv. Di Salvo \u2013 la carriera di un internazionalista","isPartOf":{"@id":"https:\/\/www.dt-studiolegale.com\/#website"},"primaryImageOfPage":{"@id":"https:\/\/www.dt-studiolegale.com\/podcast-con-lavv-federico-di-salvo\/#primaryimage"},"image":{"@id":"https:\/\/www.dt-studiolegale.com\/podcast-con-lavv-federico-di-salvo\/#primaryimage"},"thumbnailUrl":"https:\/\/www.dt-studiolegale.com\/wp-content\/uploads\/2025\/04\/podcast.jpg.webp","datePublished":"2025-04-11T17:35:00+00:00","dateModified":"2026-03-26T13:37:29+00:00","description":"Ascolta il podcast con Federico Di Salvo sulla carriera dell\u2019avvocato internazionalista e sul lavoro nel diritto internazionale dei diritti umani.","breadcrumb":{"@id":"https:\/\/www.dt-studiolegale.com\/podcast-con-lavv-federico-di-salvo\/#breadcrumb"},"inLanguage":"en-GB","potentialAction":[{"@type":"ReadAction","target":["https:\/\/www.dt-studiolegale.com\/podcast-con-lavv-federico-di-salvo\/"]}]},{"@type":"ImageObject","inLanguage":"en-GB","@id":"https:\/\/www.dt-studiolegale.com\/podcast-con-lavv-federico-di-salvo\/#primaryimage","url":"https:\/\/www.dt-studiolegale.com\/wp-content\/uploads\/2025\/04\/podcast.jpg.webp","contentUrl":"https:\/\/www.dt-studiolegale.com\/wp-content\/uploads\/2025\/04\/podcast.jpg.webp","width":800,"height":534},{"@type":"BreadcrumbList","@id":"https:\/\/www.dt-studiolegale.com\/podcast-con-lavv-federico-di-salvo\/#breadcrumb","itemListElement":[{"@type":"ListItem","position":1,"name":"Home","item":"https:\/\/www.dt-studiolegale.com\/"},{"@type":"ListItem","position":2,"name":"Podcast con l&#8217;Avv. Federico Di Salvo &#8211; la carriera di un internazionalista"}]},{"@type":"WebSite","@id":"https:\/\/www.dt-studiolegale.com\/#website","url":"https:\/\/www.dt-studiolegale.com\/","name":"DT Studio Legale","description":"Difendiamo i diritti umani in Italia e in Europa","publisher":{"@id":"https:\/\/www.dt-studiolegale.com\/#organization"},"potentialAction":[{"@type":"SearchAction","target":{"@type":"EntryPoint","urlTemplate":"https:\/\/www.dt-studiolegale.com\/?s={search_term_string}"},"query-input":{"@type":"PropertyValueSpecification","valueRequired":true,"valueName":"search_term_string"}}],"inLanguage":"en-GB"},{"@type":"Organization","@id":"https:\/\/www.dt-studiolegale.com\/#organization","name":"DT Studio Legale","url":"https:\/\/www.dt-studiolegale.com\/","logo":{"@type":"ImageObject","inLanguage":"en-GB","@id":"https:\/\/www.dt-studiolegale.com\/#\/schema\/logo\/image\/","url":"https:\/\/www.dt-studiolegale.com\/wp-content\/uploads\/2025\/11\/cropped-logo-chiaro-diritti-e-tutele-studio-legale.png","contentUrl":"https:\/\/www.dt-studiolegale.com\/wp-content\/uploads\/2025\/11\/cropped-logo-chiaro-diritti-e-tutele-studio-legale.png","width":500,"height":500,"caption":"DT Studio Legale"},"image":{"@id":"https:\/\/www.dt-studiolegale.com\/#\/schema\/logo\/image\/"}},{"@type":"Person","@id":"https:\/\/www.dt-studiolegale.com\/#\/schema\/person\/d8f93f68dfca70eb7cea4c126a6d9ade","name":"Federico Di Salvo","image":{"@type":"ImageObject","inLanguage":"en-GB","@id":"https:\/\/secure.gravatar.com\/avatar\/f7e84ae26018da8dbdc74278c6b67ecaabc67b2e49122a8ba77f69dbb99c062d?s=96&d=mm&r=g","url":"https:\/\/secure.gravatar.com\/avatar\/f7e84ae26018da8dbdc74278c6b67ecaabc67b2e49122a8ba77f69dbb99c062d?s=96&d=mm&r=g","contentUrl":"https:\/\/secure.gravatar.com\/avatar\/f7e84ae26018da8dbdc74278c6b67ecaabc67b2e49122a8ba77f69dbb99c062d?s=96&d=mm&r=g","caption":"Federico Di Salvo"},"url":"https:\/\/www.dt-studiolegale.com\/en\/author\/federico\/"}]}},"uagb_featured_image_src":{"full":["https:\/\/www.dt-studiolegale.com\/wp-content\/uploads\/2025\/04\/podcast.jpg.webp",800,534,false],"thumbnail":["https:\/\/www.dt-studiolegale.com\/wp-content\/uploads\/2025\/04\/podcast.jpg-150x150.webp",150,150,true],"medium":["https:\/\/www.dt-studiolegale.com\/wp-content\/uploads\/2025\/04\/podcast.jpg-300x200.webp",300,200,true],"medium_large":["https:\/\/www.dt-studiolegale.com\/wp-content\/uploads\/2025\/04\/podcast.jpg-768x513.webp",768,513,true],"large":["https:\/\/www.dt-studiolegale.com\/wp-content\/uploads\/2025\/04\/podcast.jpg.webp",800,534,false],"1536x1536":["https:\/\/www.dt-studiolegale.com\/wp-content\/uploads\/2025\/04\/podcast.jpg.webp",800,534,false],"2048x2048":["https:\/\/www.dt-studiolegale.com\/wp-content\/uploads\/2025\/04\/podcast.jpg.webp",800,534,false],"trp-custom-language-flag":["https:\/\/www.dt-studiolegale.com\/wp-content\/uploads\/2025\/04\/podcast.jpg.webp",18,12,false]},"uagb_author_info":{"display_name":"Federico Di Salvo","author_link":"https:\/\/www.dt-studiolegale.com\/en\/author\/federico\/"},"uagb_comment_info":0,"uagb_excerpt":"Giulia Valente Bagattini, laureata in giurisprudenza all&#8217;Universit\u00e0 degli Studi di Firenze, intervista Federico Di Salvo. Avvocato patrocinante davanti alla Corte [&hellip;]","_links":{"self":[{"href":"https:\/\/www.dt-studiolegale.com\/en\/wp-json\/wp\/v2\/posts\/921","targetHints":{"allow":["GET"]}}],"collection":[{"href":"https:\/\/www.dt-studiolegale.com\/en\/wp-json\/wp\/v2\/posts"}],"about":[{"href":"https:\/\/www.dt-studiolegale.com\/en\/wp-json\/wp\/v2\/types\/post"}],"author":[{"embeddable":true,"href":"https:\/\/www.dt-studiolegale.com\/en\/wp-json\/wp\/v2\/users\/3"}],"replies":[{"embeddable":true,"href":"https:\/\/www.dt-studiolegale.com\/en\/wp-json\/wp\/v2\/comments?post=921"}],"version-history":[{"count":5,"href":"https:\/\/www.dt-studiolegale.com\/en\/wp-json\/wp\/v2\/posts\/921\/revisions"}],"predecessor-version":[{"id":1122,"href":"https:\/\/www.dt-studiolegale.com\/en\/wp-json\/wp\/v2\/posts\/921\/revisions\/1122"}],"wp:featuredmedia":[{"embeddable":true,"href":"https:\/\/www.dt-studiolegale.com\/en\/wp-json\/wp\/v2\/media\/932"}],"wp:attachment":[{"href":"https:\/\/www.dt-studiolegale.com\/en\/wp-json\/wp\/v2\/media?parent=921"}],"wp:term":[{"taxonomy":"category","embeddable":true,"href":"https:\/\/www.dt-studiolegale.com\/en\/wp-json\/wp\/v2\/categories?post=921"},{"taxonomy":"post_tag","embeddable":true,"href":"https:\/\/www.dt-studiolegale.com\/en\/wp-json\/wp\/v2\/tags?post=921"}],"curies":[{"name":"wp","href":"https:\/\/api.w.org\/{rel}","templated":true}]}}